{"id":547,"date":"2009-08-23T21:35:41","date_gmt":"2009-08-23T19:35:41","guid":{"rendered":"http:\/\/www.ewig-drohendes-versagen.de\/?p=547"},"modified":"2014-08-18T12:03:16","modified_gmt":"2014-08-18T10:03:16","slug":"ice-2009","status":"publish","type":"post","link":"https:\/\/www.ewig-drohendes-versagen.de\/?p=547","title":{"rendered":"ICE 2009 &#8230;"},"content":{"rendered":"\n<!-- google_ad_section_start -->\n<p>&#8230; nun ist sie leider schon vorbei die <a href=\"http:\/\/www.ice-lingen.de\/\" target=\"_blank\">ICE 2009<\/a> in Lingen.<\/p>\n<p>Ich wei\u00df nicht wie Nicki Wruck es Jahr f\u00fcr Jahr schafft es noch besser zu machen &#8211; aber er schafft es!<\/p>\n<p>Die ICE war einfach WOOOOW mit der gr\u00f6\u00dften Dichte an MVPs auf einer &#8222;nicht Microsoft&#8220; Veranstaltung und nach der Cebit! So viel Wissen an einem Ort und das wird dann auch noch kostenlos weiter vermittelt!<\/p>\n<p>Super Vortr\u00e4ge! 1A Organisation!! Super Typen! Leckers Catering! und eine gelungene After ICE Party!!<\/p>\n<p>Vielen Dank allen Organisatoren der ICE und wir sehen uns 2010!!<\/p>\n<p>Die Bilder hat diesmal mein Lieblings Azubi ins Netz gestellt -&gt; Bilder<\/p>\n<p>An dieser Stelle wieder der Hinweis auf das SUPER Projekt von Nicki und seiner Frau<\/p>\n<p><a href=\"http:\/\/www.comforchildren.de\" target=\"_blank\"><img data-recalc-dims=\"1\" loading=\"lazy\" decoding=\"async\" class=\"alignnone\" title=\"comforchildren\" src=\"https:\/\/i0.wp.com\/www.comforchildren.de\/images\/logos\/c4clogo.gif?resize=352%2C50\" alt=\"\" width=\"352\" height=\"50\" \/><\/a><\/p>\n<p>Links:<\/p>\n<p><a href=\"http:\/\/www.ice-lingen.de\" target=\"_blank\">ICE in Lingen<\/a><br \/>\n<a href=\"https:\/\/twitter.com\/thejeroen\" target=\"_blank\">Jeroen van de Kamp<\/a> -&gt; Speaker of the Year on ICE 2009<br \/>\n<a href=\"http:\/\/www.wtstek.de\/\" target=\"_blank\">Dr. Bernhard Tritsch<\/a> -&gt; und noch so ein guter Speaker!!<br \/>\nice-2009-ich-war-dabei -&gt; Denis F.<br \/>\n<a href=\"http:\/\/www.faq-o-matic.net\/2009\/08\/22\/ice2009-ad-recovery-die-folien\/\" target=\"_blank\">faq-o-matic<\/a><br \/>\n<a href=\"http:\/\/www.it-training-grote.de\/blog\/?p=1438\" target=\"_blank\">Marc Grote<\/a><br \/>\n<a href=\"http:\/\/www.security-blog.eu\/2009\/08\/23\/ice2009-intelligent-communities-for-europe\/\" target=\"_blank\">SECURITY-BLOG.EU<\/a><br \/>\nDieters Forefront Blog<br \/>\n<a href=\"http:\/\/www.virtualrealitycheck.net\/\" target=\"_blank\">Virtualrealitycheck<\/a><\/p>\n<div id=\"_mcePaste\" style=\"overflow: hidden; position: absolute; left: -10000px; top: 305px; width: 1px; height: 1px;\"><strong>Dr. Bernhard Tritsch<\/strong><\/div>\n\n<!-- google_ad_section_end -->\n","protected":false},"excerpt":{"rendered":"<p>&#8230; nun ist sie leider schon vorbei die ICE 2009 in Lingen. Ich wei\u00df nicht wie Nicki Wruck es Jahr f\u00fcr Jahr schafft es noch besser zu machen &#8211; aber er schafft es! Die ICE war einfach WOOOOW mit der gr\u00f6\u00dften Dichte an MVPs auf einer &#8222;nicht Microsoft&#8220; Veranstaltung und nach der Cebit! So viel [&hellip;]<\/p>\n","protected":false},"author":2,"featured_media":0,"comment_status":"open","ping_status":"open","sticky":false,"template":"","format":"standard","meta":{"jetpack_post_was_ever_published":false,"_jetpack_newsletter_access":"","_jetpack_dont_email_post_to_subs":false,"_jetpack_newsletter_tier_id":0,"_jetpack_memberships_contains_paywalled_content":false,"_jetpack_memberships_contains_paid_content":false,"footnotes":"","jetpack_publicize_message":"","jetpack_publicize_feature_enabled":true,"jetpack_social_post_already_shared":false,"jetpack_social_options":{"image_generator_settings":{"template":"highway","default_image_id":0,"enabled":false},"version":2}},"categories":[1],"tags":[29],"class_list":["post-547","post","type-post","status-publish","format-standard","hentry","category-allgemein","tag-ice-lingen"],"jetpack_publicize_connections":[],"jetpack_featured_media_url":"","jetpack_shortlink":"https:\/\/wp.me\/peux2-8P","jetpack_sharing_enabled":true,"_links":{"self":[{"href":"https:\/\/www.ewig-drohendes-versagen.de\/index.php?rest_route=\/wp\/v2\/posts\/547","targetHints":{"allow":["GET"]}}],"collection":[{"href":"https:\/\/www.ewig-drohendes-versagen.de\/index.php?rest_route=\/wp\/v2\/posts"}],"about":[{"href":"https:\/\/www.ewig-drohendes-versagen.de\/index.php?rest_route=\/wp\/v2\/types\/post"}],"author":[{"embeddable":true,"href":"https:\/\/www.ewig-drohendes-versagen.de\/index.php?rest_route=\/wp\/v2\/users\/2"}],"replies":[{"embeddable":true,"href":"https:\/\/www.ewig-drohendes-versagen.de\/index.php?rest_route=%2Fwp%2Fv2%2Fcomments&post=547"}],"version-history":[{"count":2,"href":"https:\/\/www.ewig-drohendes-versagen.de\/index.php?rest_route=\/wp\/v2\/posts\/547\/revisions"}],"predecessor-version":[{"id":2307,"href":"https:\/\/www.ewig-drohendes-versagen.de\/index.php?rest_route=\/wp\/v2\/posts\/547\/revisions\/2307"}],"wp:attachment":[{"href":"https:\/\/www.ewig-drohendes-versagen.de\/index.php?rest_route=%2Fwp%2Fv2%2Fmedia&parent=547"}],"wp:term":[{"taxonomy":"category","embeddable":true,"href":"https:\/\/www.ewig-drohendes-versagen.de\/index.php?rest_route=%2Fwp%2Fv2%2Fcategories&post=547"},{"taxonomy":"post_tag","embeddable":true,"href":"https:\/\/www.ewig-drohendes-versagen.de\/index.php?rest_route=%2Fwp%2Fv2%2Ftags&post=547"}],"curies":[{"name":"wp","href":"https:\/\/api.w.org\/{rel}","templated":true}]}}